{"id":1690,"date":"2026-01-07T01:01:14","date_gmt":"2026-01-07T00:01:14","guid":{"rendered":"https:\/\/www.alkeom.law\/?p=1690"},"modified":"2026-01-20T16:20:13","modified_gmt":"2026-01-20T15:20:13","slug":"stage-en-droit-des-societes-3-mois-a-partir-davril-2026","status":"publish","type":"post","link":"https:\/\/www.alkeom.law\/en\/stage-en-droit-des-societes-3-mois-a-partir-davril-2026\/","title":{"rendered":"Stage en droit des soci\u00e9t\u00e9s &#8211; 3 mois \u00e0 partir d&#8217;avril 2026"},"content":{"rendered":"\n<figure class=\"wp-block-gallery has-nested-images columns-default is-cropped wp-block-gallery-1 is-layout-flex wp-block-gallery-is-layout-flex\">\n<figure class=\"wp-block-image size-large\"><img loading=\"lazy\" decoding=\"async\" width=\"641\" height=\"300\" data-id=\"1540\" src=\"https:\/\/www.alkeom.law\/wp-content\/uploads\/2026\/01\/Alkeom-Avocat-Recrutement-stage-droit-des-societes-4.jpg\" alt=\"Cabinet d'avocat droit des affaires droit des soci\u00e9t\u00e9s lev\u00e9e de fonds cr\u00e9ation d'entreprise\" class=\"wp-image-1540\" srcset=\"https:\/\/www.alkeom.law\/wp-content\/uploads\/2026\/01\/Alkeom-Avocat-Recrutement-stage-droit-des-societes-4.jpg 641w, https:\/\/www.alkeom.law\/wp-content\/uploads\/2026\/01\/Alkeom-Avocat-Recrutement-stage-droit-des-societes-4-300x140.jpg 300w\" sizes=\"auto, (max-width: 641px) 100vw, 641px\" \/><\/figure>\n<\/figure>\n\n\n\n<p>Le cabinet Alkeom, cabinet d\u2019avocat d\u00e9di\u00e9 aux op\u00e9rations strat\u00e9giques des entreprises (acquisitions, cessions, lev\u00e9es de fonds, r\u00e9organisations), recherche un(e) stagiaire en droit des soci\u00e9t\u00e9s pour une dur\u00e9e de 3 mois, \u00e0 compter du mois d\u2019avril 2026.<\/p>\n\n\n\n<h2 class=\"wp-block-heading\">Le cabinet Alkeom<\/h2>\n\n\n\n<p>Le cabinet a \u00e9t\u00e9 fond\u00e9 en 2025 par Mathieu de Korvin, apr\u00e8s dix ann\u00e9es d\u2019exercice au sein de structures fran\u00e7aises et anglo-saxonnes. L\u2019activit\u00e9 du cabinet est d\u00e9di\u00e9e au conseil en droit des soci\u00e9t\u00e9s, au service d\u2019une client\u00e8le compos\u00e9e d\u2019entreprises, de dirigeants et d\u2019actionnaires de tous secteurs, dont notamment les secteurs de la sant\u00e9 et de la tech.<\/p>\n\n\n\n<p>Le cabinet accompagne ainsi ses clients dans la structuration et la r\u00e9alisation de leurs op\u00e9rations strat\u00e9giques, notamment en mati\u00e8re de :<\/p>\n\n\n\n<ul class=\"wp-block-list\">\n<li>Cessions et acquisitions d\u2019entreprises (soci\u00e9t\u00e9s ou fonds de commerce) ;<\/li>\n\n\n\n<li>Lev\u00e9es de fonds ;<\/li>\n\n\n\n<li>R\u00e9organisations (fusions, scissions, apports partiels d\u2019actifs) ;<\/li>\n\n\n\n<li>Gouvernance et relations entre associ\u00e9s ;<\/li>\n\n\n\n<li>Projets d\u2019implantation et de d\u00e9veloppement en France et \u00e0 l\u2019international ;<\/li>\n\n\n\n<li>Op\u00e9rations courantes de droit des soci\u00e9t\u00e9s (constitution, secr\u00e9tariat juridique, reclassement de titres, etc.) ;<\/li>\n\n\n\n<li>Partenariats commerciaux.<\/li>\n<\/ul>\n\n\n\n<p>Le cabinet a d\u00e9velopp\u00e9 une expertise sp\u00e9cifique des op\u00e9rations dans le secteur des services de sant\u00e9 (structuration d&#8217;exercice group\u00e9 de professionnels de sant\u00e9, transactions \/ r\u00e9organisations impliquant des soci\u00e9t\u00e9s d\u2019exercice lib\u00e9ral de professionnels de sant\u00e9, r\u00e9glementation des \u00e9tablissements de sant\u00e9 priv\u00e9s).<\/p>\n\n\n\n<h2 class=\"wp-block-heading\">Le stage propos\u00e9<\/h2>\n\n\n\n<h3 class=\"wp-block-heading\">Vos missions<\/h3>\n\n\n\n<p>Vous travaillerez directement aux c\u00f4t\u00e9s de l\u2019associ\u00e9 fondateur. Vous pourrez vous voir confier des missions telles que :<\/p>\n\n\n\n<ul class=\"wp-block-list\">\n<li>Recherches juridiques et r\u00e9daction de notes sur des questions techniques ;<\/li>\n\n\n\n<li>Participation \u00e0 la r\u00e9daction de contrats ou documents divers (proc\u00e8s-verbaux, rapports, etc.) ;<\/li>\n\n\n\n<li>Pr\u00e9paration d\u2019audits.<\/li>\n<\/ul>\n\n\n\n<h3 class=\"wp-block-heading\">Profil recherch\u00e9<\/h3>\n\n\n\n<ul class=\"wp-block-list\">\n<li>\u00c9tudiant(e) en Master 1 ou Master 2 en droit des affaires \/ droit des soci\u00e9t\u00e9s ;<\/li>\n\n\n\n<li>Connaissances acad\u00e9miques solides en droit des affaires et en droit des soci\u00e9t\u00e9s et ma\u00eetrise du raisonnement juridique ;<\/li>\n\n\n\n<li>Rigueur, implication et curiosit\u00e9 intellectuelle ;<\/li>\n\n\n\n<li>La ma\u00eetrise de l\u2019anglais est un plus ;<\/li>\n\n\n\n<li>Int\u00e9r\u00eat marqu\u00e9 pour le conseil aux dirigeants et entrepreneurs et pour le d\u00e9veloppement d\u2019un cabinet.<\/li>\n<\/ul>\n\n\n\n<h3 class=\"wp-block-heading\">Ce que nous offrons<\/h3>\n\n\n\n<ul class=\"wp-block-list\">\n<li>Une exp\u00e9rience formatrice et responsabilisante aupr\u00e8s de l\u2019associ\u00e9 fondateur du cabinet ;<\/li>\n\n\n\n<li>Une implication concr\u00e8te dans les dossiers, et une participation \u00e0 la r\u00e9flexion strat\u00e9gique ;<\/li>\n\n\n\n<li>Une opportunit\u00e9 unique de d\u00e9couvrir un cabinet entrepreneurial et de prendre part \u00e0 son d\u00e9veloppement.<\/li>\n<\/ul>\n\n\n\n<h3 class=\"wp-block-heading\">Modalit\u00e9s<\/h3>\n\n\n\n<ul class=\"wp-block-list\">\n<li>Dur\u00e9e : 3 mois<\/li>\n\n\n\n<li>D\u00e9but : avril 2026<\/li>\n\n\n\n<li>Localisation : 25-29 place de la Madeleine, 75008 Paris. Nos locaux sont situ\u00e9s au sein de bureaux partag\u00e9s avec d\u2019autres avocats.<\/li>\n\n\n\n<li>Gratification : selon profil et cadre l\u00e9gal<\/li>\n<\/ul>\n\n\n\n<h2 class=\"wp-block-heading\">Candidature<\/h2>\n\n\n\n<p>Merci d\u2019adresser votre CV et lettre de motivation par email \u00e0 : candidature@alkeom.law (<strong>uniquement<\/strong>)<\/p>\n\n\n\n<p><\/p>\n","protected":false},"excerpt":{"rendered":"<p>Le cabinet Alkeom, cabinet d\u2019avocat d\u00e9di\u00e9 aux op\u00e9rations strat\u00e9giques des entreprises (acquisitions, cessions, lev\u00e9es de fonds, r\u00e9organisations), recherche un(e) stagiaire en droit des soci\u00e9t\u00e9s pour une dur\u00e9e de 3 mois, \u00e0 compter du mois d\u2019avril 2026. Le cabinet Alkeom Le cabinet a \u00e9t\u00e9 fond\u00e9 en 2025 par Mathieu de Korvin, apr\u00e8s dix ann\u00e9es d\u2019exercice au [&hellip;]<\/p>\n","protected":false},"author":9,"featured_media":1541,"comment_status":"open","ping_status":"open","sticky":false,"template":"","format":"standard","meta":{"_acf_changed":false,"footnotes":""},"categories":[15],"tags":[],"class_list":["post-1690","post","type-post","status-publish","format-standard","has-post-thumbnail","hentry","category-ou-firm"],"acf":[],"yoast_head":"<!-- This site is optimized with the Yoast SEO plugin v26.8 - https:\/\/yoast.com\/product\/yoast-seo-wordpress\/ -->\n<title>Stage en droit des soci\u00e9t\u00e9s - 3 mois \u00e0 partir d&#039;avril 2026 - Alkeom<\/title>\n<meta name=\"robots\" content=\"index, follow, max-snippet:-1, max-image-preview:large, max-video-preview:-1\" \/>\n<link rel=\"canonical\" href=\"https:\/\/www.alkeom.law\/en\/stage-en-droit-des-societes-3-mois-a-partir-davril-2026\/\" \/>\n<meta property=\"og:locale\" content=\"en_US\" \/>\n<meta property=\"og:type\" content=\"article\" \/>\n<meta property=\"og:title\" content=\"Stage en droit des soci\u00e9t\u00e9s - 3 mois \u00e0 partir d&#039;avril 2026 - Alkeom\" \/>\n<meta property=\"og:description\" content=\"Le cabinet Alkeom, cabinet d\u2019avocat d\u00e9di\u00e9 aux op\u00e9rations strat\u00e9giques des entreprises (acquisitions, cessions, lev\u00e9es de fonds, r\u00e9organisations), recherche un(e) stagiaire en droit des soci\u00e9t\u00e9s pour une dur\u00e9e de 3 mois, \u00e0 compter du mois d\u2019avril 2026. Le cabinet Alkeom Le cabinet a \u00e9t\u00e9 fond\u00e9 en 2025 par Mathieu de Korvin, apr\u00e8s dix ann\u00e9es d\u2019exercice au [&hellip;]\" \/>\n<meta property=\"og:url\" content=\"https:\/\/www.alkeom.law\/en\/stage-en-droit-des-societes-3-mois-a-partir-davril-2026\/\" \/>\n<meta property=\"og:site_name\" content=\"Alkeom\" \/>\n<meta property=\"article:published_time\" content=\"2026-01-07T00:01:14+00:00\" \/>\n<meta property=\"article:modified_time\" content=\"2026-01-20T15:20:13+00:00\" \/>\n<meta property=\"og:image\" content=\"https:\/\/www.alkeom.law\/wp-content\/uploads\/2026\/01\/Alkeom-Avocat-Recrutement-stage-droit-des-societes-4.jpg\" \/>\n\t<meta property=\"og:image:width\" content=\"641\" \/>\n\t<meta property=\"og:image:height\" content=\"300\" \/>\n\t<meta property=\"og:image:type\" content=\"image\/jpeg\" \/>\n<meta name=\"author\" content=\"Mathieu\" \/>\n<meta name=\"twitter:card\" content=\"summary_large_image\" \/>\n<meta name=\"twitter:label1\" content=\"Written by\" \/>\n\t<meta name=\"twitter:data1\" content=\"Mathieu\" \/>\n\t<meta name=\"twitter:label2\" content=\"Est. reading time\" \/>\n\t<meta name=\"twitter:data2\" content=\"3 minutes\" \/>\n<script type=\"application\/ld+json\" class=\"yoast-schema-graph\">{\"@context\":\"https:\/\/schema.org\",\"@graph\":[{\"@type\":\"Article\",\"@id\":\"https:\/\/www.alkeom.law\/en\/stage-en-droit-des-societes-3-mois-a-partir-davril-2026\/#article\",\"isPartOf\":{\"@id\":\"https:\/\/www.alkeom.law\/en\/stage-en-droit-des-societes-3-mois-a-partir-davril-2026\/\"},\"author\":{\"name\":\"Mathieu\",\"@id\":\"https:\/\/www.alkeom.law\/#\/schema\/person\/a6f35fbed740c99f2643fba4ee83909c\"},\"headline\":\"Stage en droit des soci\u00e9t\u00e9s &#8211; 3 mois \u00e0 partir d&#8217;avril 2026\",\"datePublished\":\"2026-01-07T00:01:14+00:00\",\"dateModified\":\"2026-01-20T15:20:13+00:00\",\"mainEntityOfPage\":{\"@id\":\"https:\/\/www.alkeom.law\/en\/stage-en-droit-des-societes-3-mois-a-partir-davril-2026\/\"},\"wordCount\":489,\"commentCount\":0,\"publisher\":{\"@id\":\"https:\/\/www.alkeom.law\/#organization\"},\"image\":{\"@id\":\"https:\/\/www.alkeom.law\/en\/stage-en-droit-des-societes-3-mois-a-partir-davril-2026\/#primaryimage\"},\"thumbnailUrl\":\"https:\/\/www.alkeom.law\/wp-content\/uploads\/2026\/01\/Alkeom-Avocat-Recrutement-stage-droit-des-societes-4.jpg\",\"articleSection\":[\"Our Firm\"],\"inLanguage\":\"en-US\",\"potentialAction\":[{\"@type\":\"CommentAction\",\"name\":\"Comment\",\"target\":[\"https:\/\/www.alkeom.law\/en\/stage-en-droit-des-societes-3-mois-a-partir-davril-2026\/#respond\"]}]},{\"@type\":\"WebPage\",\"@id\":\"https:\/\/www.alkeom.law\/en\/stage-en-droit-des-societes-3-mois-a-partir-davril-2026\/\",\"url\":\"https:\/\/www.alkeom.law\/en\/stage-en-droit-des-societes-3-mois-a-partir-davril-2026\/\",\"name\":\"Stage en droit des soci\u00e9t\u00e9s - 3 mois \u00e0 partir d'avril 2026 - Alkeom\",\"isPartOf\":{\"@id\":\"https:\/\/www.alkeom.law\/#website\"},\"primaryImageOfPage\":{\"@id\":\"https:\/\/www.alkeom.law\/en\/stage-en-droit-des-societes-3-mois-a-partir-davril-2026\/#primaryimage\"},\"image\":{\"@id\":\"https:\/\/www.alkeom.law\/en\/stage-en-droit-des-societes-3-mois-a-partir-davril-2026\/#primaryimage\"},\"thumbnailUrl\":\"https:\/\/www.alkeom.law\/wp-content\/uploads\/2026\/01\/Alkeom-Avocat-Recrutement-stage-droit-des-societes-4.jpg\",\"datePublished\":\"2026-01-07T00:01:14+00:00\",\"dateModified\":\"2026-01-20T15:20:13+00:00\",\"breadcrumb\":{\"@id\":\"https:\/\/www.alkeom.law\/en\/stage-en-droit-des-societes-3-mois-a-partir-davril-2026\/#breadcrumb\"},\"inLanguage\":\"en-US\",\"potentialAction\":[{\"@type\":\"ReadAction\",\"target\":[\"https:\/\/www.alkeom.law\/en\/stage-en-droit-des-societes-3-mois-a-partir-davril-2026\/\"]}]},{\"@type\":\"ImageObject\",\"inLanguage\":\"en-US\",\"@id\":\"https:\/\/www.alkeom.law\/en\/stage-en-droit-des-societes-3-mois-a-partir-davril-2026\/#primaryimage\",\"url\":\"https:\/\/www.alkeom.law\/wp-content\/uploads\/2026\/01\/Alkeom-Avocat-Recrutement-stage-droit-des-societes-4.jpg\",\"contentUrl\":\"https:\/\/www.alkeom.law\/wp-content\/uploads\/2026\/01\/Alkeom-Avocat-Recrutement-stage-droit-des-societes-4.jpg\",\"width\":641,\"height\":300,\"caption\":\"Cabinet d'avocat droit des affaires droit des soci\u00e9t\u00e9s lev\u00e9e de fonds cr\u00e9ation d'entreprise\"},{\"@type\":\"BreadcrumbList\",\"@id\":\"https:\/\/www.alkeom.law\/en\/stage-en-droit-des-societes-3-mois-a-partir-davril-2026\/#breadcrumb\",\"itemListElement\":[{\"@type\":\"ListItem\",\"position\":1,\"name\":\"Accueil\",\"item\":\"https:\/\/www.alkeom.law\/en\/\"},{\"@type\":\"ListItem\",\"position\":2,\"name\":\"Stage en droit des soci\u00e9t\u00e9s &#8211; 3 mois \u00e0 partir d&rsquo;avril 2026\"}]},{\"@type\":\"WebSite\",\"@id\":\"https:\/\/www.alkeom.law\/#website\",\"url\":\"https:\/\/www.alkeom.law\/\",\"name\":\"alkeom\",\"description\":\"\",\"publisher\":{\"@id\":\"https:\/\/www.alkeom.law\/#organization\"},\"potentialAction\":[{\"@type\":\"SearchAction\",\"target\":{\"@type\":\"EntryPoint\",\"urlTemplate\":\"https:\/\/www.alkeom.law\/?s={search_term_string}\"},\"query-input\":{\"@type\":\"PropertyValueSpecification\",\"valueRequired\":true,\"valueName\":\"search_term_string\"}}],\"inLanguage\":\"en-US\"},{\"@type\":\"Organization\",\"@id\":\"https:\/\/www.alkeom.law\/#organization\",\"name\":\"alkeom\",\"url\":\"https:\/\/www.alkeom.law\/\",\"logo\":{\"@type\":\"ImageObject\",\"inLanguage\":\"en-US\",\"@id\":\"https:\/\/www.alkeom.law\/#\/schema\/logo\/image\/\",\"url\":\"https:\/\/www.alkeom.law\/wp-content\/uploads\/2025\/02\/ALKEOM_LOGO-1.png\",\"contentUrl\":\"https:\/\/www.alkeom.law\/wp-content\/uploads\/2025\/02\/ALKEOM_LOGO-1.png\",\"width\":153,\"height\":56,\"caption\":\"alkeom\"},\"image\":{\"@id\":\"https:\/\/www.alkeom.law\/#\/schema\/logo\/image\/\"}},{\"@type\":\"Person\",\"@id\":\"https:\/\/www.alkeom.law\/#\/schema\/person\/a6f35fbed740c99f2643fba4ee83909c\",\"name\":\"Mathieu\",\"image\":{\"@type\":\"ImageObject\",\"inLanguage\":\"en-US\",\"@id\":\"https:\/\/www.alkeom.law\/#\/schema\/person\/image\/\",\"url\":\"https:\/\/secure.gravatar.com\/avatar\/5ed64aae83a6b5c0b9f68e75cea03a2874ce6fa7e635b88db959cb9352d13fd6?s=96&d=mm&r=g\",\"contentUrl\":\"https:\/\/secure.gravatar.com\/avatar\/5ed64aae83a6b5c0b9f68e75cea03a2874ce6fa7e635b88db959cb9352d13fd6?s=96&d=mm&r=g\",\"caption\":\"Mathieu\"}}]}<\/script>\n<!-- \/ Yoast SEO plugin. -->","yoast_head_json":{"title":"Stage en droit des soci\u00e9t\u00e9s - 3 mois \u00e0 partir d'avril 2026 - Alkeom","robots":{"index":"index","follow":"follow","max-snippet":"max-snippet:-1","max-image-preview":"max-image-preview:large","max-video-preview":"max-video-preview:-1"},"canonical":"https:\/\/www.alkeom.law\/en\/stage-en-droit-des-societes-3-mois-a-partir-davril-2026\/","og_locale":"en_US","og_type":"article","og_title":"Stage en droit des soci\u00e9t\u00e9s - 3 mois \u00e0 partir d'avril 2026 - Alkeom","og_description":"Le cabinet Alkeom, cabinet d\u2019avocat d\u00e9di\u00e9 aux op\u00e9rations strat\u00e9giques des entreprises (acquisitions, cessions, lev\u00e9es de fonds, r\u00e9organisations), recherche un(e) stagiaire en droit des soci\u00e9t\u00e9s pour une dur\u00e9e de 3 mois, \u00e0 compter du mois d\u2019avril 2026. Le cabinet Alkeom Le cabinet a \u00e9t\u00e9 fond\u00e9 en 2025 par Mathieu de Korvin, apr\u00e8s dix ann\u00e9es d\u2019exercice au [&hellip;]","og_url":"https:\/\/www.alkeom.law\/en\/stage-en-droit-des-societes-3-mois-a-partir-davril-2026\/","og_site_name":"Alkeom","article_published_time":"2026-01-07T00:01:14+00:00","article_modified_time":"2026-01-20T15:20:13+00:00","og_image":[{"width":641,"height":300,"url":"https:\/\/www.alkeom.law\/wp-content\/uploads\/2026\/01\/Alkeom-Avocat-Recrutement-stage-droit-des-societes-4.jpg","type":"image\/jpeg"}],"author":"Mathieu","twitter_card":"summary_large_image","twitter_misc":{"Written by":"Mathieu","Est. reading time":"3 minutes"},"schema":{"@context":"https:\/\/schema.org","@graph":[{"@type":"Article","@id":"https:\/\/www.alkeom.law\/en\/stage-en-droit-des-societes-3-mois-a-partir-davril-2026\/#article","isPartOf":{"@id":"https:\/\/www.alkeom.law\/en\/stage-en-droit-des-societes-3-mois-a-partir-davril-2026\/"},"author":{"name":"Mathieu","@id":"https:\/\/www.alkeom.law\/#\/schema\/person\/a6f35fbed740c99f2643fba4ee83909c"},"headline":"Stage en droit des soci\u00e9t\u00e9s &#8211; 3 mois \u00e0 partir d&#8217;avril 2026","datePublished":"2026-01-07T00:01:14+00:00","dateModified":"2026-01-20T15:20:13+00:00","mainEntityOfPage":{"@id":"https:\/\/www.alkeom.law\/en\/stage-en-droit-des-societes-3-mois-a-partir-davril-2026\/"},"wordCount":489,"commentCount":0,"publisher":{"@id":"https:\/\/www.alkeom.law\/#organization"},"image":{"@id":"https:\/\/www.alkeom.law\/en\/stage-en-droit-des-societes-3-mois-a-partir-davril-2026\/#primaryimage"},"thumbnailUrl":"https:\/\/www.alkeom.law\/wp-content\/uploads\/2026\/01\/Alkeom-Avocat-Recrutement-stage-droit-des-societes-4.jpg","articleSection":["Our Firm"],"inLanguage":"en-US","potentialAction":[{"@type":"CommentAction","name":"Comment","target":["https:\/\/www.alkeom.law\/en\/stage-en-droit-des-societes-3-mois-a-partir-davril-2026\/#respond"]}]},{"@type":"WebPage","@id":"https:\/\/www.alkeom.law\/en\/stage-en-droit-des-societes-3-mois-a-partir-davril-2026\/","url":"https:\/\/www.alkeom.law\/en\/stage-en-droit-des-societes-3-mois-a-partir-davril-2026\/","name":"Stage en droit des soci\u00e9t\u00e9s - 3 mois \u00e0 partir d'avril 2026 - Alkeom","isPartOf":{"@id":"https:\/\/www.alkeom.law\/#website"},"primaryImageOfPage":{"@id":"https:\/\/www.alkeom.law\/en\/stage-en-droit-des-societes-3-mois-a-partir-davril-2026\/#primaryimage"},"image":{"@id":"https:\/\/www.alkeom.law\/en\/stage-en-droit-des-societes-3-mois-a-partir-davril-2026\/#primaryimage"},"thumbnailUrl":"https:\/\/www.alkeom.law\/wp-content\/uploads\/2026\/01\/Alkeom-Avocat-Recrutement-stage-droit-des-societes-4.jpg","datePublished":"2026-01-07T00:01:14+00:00","dateModified":"2026-01-20T15:20:13+00:00","breadcrumb":{"@id":"https:\/\/www.alkeom.law\/en\/stage-en-droit-des-societes-3-mois-a-partir-davril-2026\/#breadcrumb"},"inLanguage":"en-US","potentialAction":[{"@type":"ReadAction","target":["https:\/\/www.alkeom.law\/en\/stage-en-droit-des-societes-3-mois-a-partir-davril-2026\/"]}]},{"@type":"ImageObject","inLanguage":"en-US","@id":"https:\/\/www.alkeom.law\/en\/stage-en-droit-des-societes-3-mois-a-partir-davril-2026\/#primaryimage","url":"https:\/\/www.alkeom.law\/wp-content\/uploads\/2026\/01\/Alkeom-Avocat-Recrutement-stage-droit-des-societes-4.jpg","contentUrl":"https:\/\/www.alkeom.law\/wp-content\/uploads\/2026\/01\/Alkeom-Avocat-Recrutement-stage-droit-des-societes-4.jpg","width":641,"height":300,"caption":"Cabinet d'avocat droit des affaires droit des soci\u00e9t\u00e9s lev\u00e9e de fonds cr\u00e9ation d'entreprise"},{"@type":"BreadcrumbList","@id":"https:\/\/www.alkeom.law\/en\/stage-en-droit-des-societes-3-mois-a-partir-davril-2026\/#breadcrumb","itemListElement":[{"@type":"ListItem","position":1,"name":"Accueil","item":"https:\/\/www.alkeom.law\/en\/"},{"@type":"ListItem","position":2,"name":"Stage en droit des soci\u00e9t\u00e9s &#8211; 3 mois \u00e0 partir d&rsquo;avril 2026"}]},{"@type":"WebSite","@id":"https:\/\/www.alkeom.law\/#website","url":"https:\/\/www.alkeom.law\/","name":"alkeom","description":"","publisher":{"@id":"https:\/\/www.alkeom.law\/#organization"},"potentialAction":[{"@type":"SearchAction","target":{"@type":"EntryPoint","urlTemplate":"https:\/\/www.alkeom.law\/?s={search_term_string}"},"query-input":{"@type":"PropertyValueSpecification","valueRequired":true,"valueName":"search_term_string"}}],"inLanguage":"en-US"},{"@type":"Organization","@id":"https:\/\/www.alkeom.law\/#organization","name":"alkeom","url":"https:\/\/www.alkeom.law\/","logo":{"@type":"ImageObject","inLanguage":"en-US","@id":"https:\/\/www.alkeom.law\/#\/schema\/logo\/image\/","url":"https:\/\/www.alkeom.law\/wp-content\/uploads\/2025\/02\/ALKEOM_LOGO-1.png","contentUrl":"https:\/\/www.alkeom.law\/wp-content\/uploads\/2025\/02\/ALKEOM_LOGO-1.png","width":153,"height":56,"caption":"alkeom"},"image":{"@id":"https:\/\/www.alkeom.law\/#\/schema\/logo\/image\/"}},{"@type":"Person","@id":"https:\/\/www.alkeom.law\/#\/schema\/person\/a6f35fbed740c99f2643fba4ee83909c","name":"Mathieu","image":{"@type":"ImageObject","inLanguage":"en-US","@id":"https:\/\/www.alkeom.law\/#\/schema\/person\/image\/","url":"https:\/\/secure.gravatar.com\/avatar\/5ed64aae83a6b5c0b9f68e75cea03a2874ce6fa7e635b88db959cb9352d13fd6?s=96&d=mm&r=g","contentUrl":"https:\/\/secure.gravatar.com\/avatar\/5ed64aae83a6b5c0b9f68e75cea03a2874ce6fa7e635b88db959cb9352d13fd6?s=96&d=mm&r=g","caption":"Mathieu"}}]}},"_links":{"self":[{"href":"https:\/\/www.alkeom.law\/en\/wp-json\/wp\/v2\/posts\/1690","targetHints":{"allow":["GET"]}}],"collection":[{"href":"https:\/\/www.alkeom.law\/en\/wp-json\/wp\/v2\/posts"}],"about":[{"href":"https:\/\/www.alkeom.law\/en\/wp-json\/wp\/v2\/types\/post"}],"author":[{"embeddable":true,"href":"https:\/\/www.alkeom.law\/en\/wp-json\/wp\/v2\/users\/9"}],"replies":[{"embeddable":true,"href":"https:\/\/www.alkeom.law\/en\/wp-json\/wp\/v2\/comments?post=1690"}],"version-history":[{"count":1,"href":"https:\/\/www.alkeom.law\/en\/wp-json\/wp\/v2\/posts\/1690\/revisions"}],"predecessor-version":[{"id":1691,"href":"https:\/\/www.alkeom.law\/en\/wp-json\/wp\/v2\/posts\/1690\/revisions\/1691"}],"wp:featuredmedia":[{"embeddable":true,"href":"https:\/\/www.alkeom.law\/en\/wp-json\/wp\/v2\/media\/1541"}],"wp:attachment":[{"href":"https:\/\/www.alkeom.law\/en\/wp-json\/wp\/v2\/media?parent=1690"}],"wp:term":[{"taxonomy":"category","embeddable":true,"href":"https:\/\/www.alkeom.law\/en\/wp-json\/wp\/v2\/categories?post=1690"},{"taxonomy":"post_tag","embeddable":true,"href":"https:\/\/www.alkeom.law\/en\/wp-json\/wp\/v2\/tags?post=1690"}],"curies":[{"name":"wp","href":"https:\/\/api.w.org\/{rel}","templated":true}]}}